{"id":13822,"date":"2024-10-03T14:07:35","date_gmt":"2024-10-03T12:07:35","guid":{"rendered":"https:\/\/www.pkm.jaworzno.pl\/www\/?p=13822"},"modified":"2024-10-08T08:29:04","modified_gmt":"2024-10-08T06:29:04","slug":"silesia-marathon-2024","status":"publish","type":"post","link":"https:\/\/www.pkm.jaworzno.pl\/www\/2024\/10\/silesia-marathon-2024\/","title":{"rendered":"Silesia Marathon 2024"},"content":{"rendered":"<p>Informujemy, \u017ce w dniu <strong>6\u00a0pa\u017adziernika (niedziela)<\/strong> mi\u0119dzy godz. <strong>7:40<\/strong>\u00a0a <strong>12:00<\/strong> w zwi\u0105zku z organizacj\u0105 wydarzenia &#8222;Silesia Marathon 2024&#8221; wprowadzone zostan\u0105 zmiany w kursowaniu autobus\u00f3w w Katowicach:<\/p>\n<ul>\n<li>Linia <b>A<\/b><br \/>\nWy\u0142\u0105czony z obs\u0142ugi zostanie przystanek <span style=\"text-decoration: underline; color: #ff0000;\">STREFA KULTURY<\/span><span style=\"color: #000000;\">.<\/span><\/li>\n<li>Linia <strong>E<\/strong><br \/>\nWy\u0142\u0105czony z obs\u0142ugi w obu kierunkach zostanie przystanek <span style=\"text-decoration: underline; color: #ff0000;\">STREFA KULTURY<\/span>.<\/li>\n<li>Linia <strong>J<\/strong><br \/>\nWy\u0142\u0105czone z obs\u0142ugi w obu kierunkach zostan\u0105 przystanki: <span style=\"text-decoration: underline;\"><span style=\"color: #ff0000; text-decoration: underline;\">STREFA KULTURY<\/span><\/span>, <span style=\"text-decoration: underline; color: #ff0000;\">ZAWODZIE O\u015aRODEK SPORTOWY<\/span>\u00a0oraz <span style=\"text-decoration: underline; color: #ff0000;\">WILHELMINA SKRZY\u017bOWANIE<\/span>.<\/li>\n<\/ul>\n","protected":false},"excerpt":{"rendered":"<p>Informujemy, \u017ce w dniu 6\u00a0pa\u017adziernika (niedziela) mi\u0119dzy godz. 7:40\u00a0a 12:00 w zwi\u0105zku z organizacj\u0105 wydarzenia &#8222;Silesia Marathon 2024&#8221; wprowadzone zostan\u0105 zmiany w kursowaniu autobus\u00f3w w Katowicach: Linia A Wy\u0142\u0105czony z obs\u0142ugi zostanie przystanek STREFA KULTURY. Linia E Wy\u0142\u0105czony z obs\u0142ugi w obu kierunkach zostanie przystanek STREFA KULTURY. Linia J Wy\u0142\u0105czone z obs\u0142ugi w obu kierunkach [&hellip;]<\/p>\n","protected":false},"author":6,"featured_media":0,"comment_status":"open","ping_status":"open","sticky":false,"template":"","format":"standard","meta":{"_acf_changed":false,"footnotes":""},"categories":[1,8],"tags":[],"class_list":["post-13822","post","type-post","status-publish","format-standard","hentry","category-aktualnosci","category-komunikaty"],"acf":[],"publishpress_future_action":{"enabled":false,"date":"2026-05-09 14:40:25","action":"change-status","newStatus":"draft","terms":[],"taxonomy":"category","extraData":[]},"publishpress_future_workflow_manual_trigger":{"enabledWorkflows":[]},"_links":{"self":[{"href":"https:\/\/www.pkm.jaworzno.pl\/www\/wp-json\/wp\/v2\/posts\/13822","targetHints":{"allow":["GET"]}}],"collection":[{"href":"https:\/\/www.pkm.jaworzno.pl\/www\/wp-json\/wp\/v2\/posts"}],"about":[{"href":"https:\/\/www.pkm.jaworzno.pl\/www\/wp-json\/wp\/v2\/types\/post"}],"author":[{"embeddable":true,"href":"https:\/\/www.pkm.jaworzno.pl\/www\/wp-json\/wp\/v2\/users\/6"}],"replies":[{"embeddable":true,"href":"https:\/\/www.pkm.jaworzno.pl\/www\/wp-json\/wp\/v2\/comments?post=13822"}],"version-history":[{"count":4,"href":"https:\/\/www.pkm.jaworzno.pl\/www\/wp-json\/wp\/v2\/posts\/13822\/revisions"}],"predecessor-version":[{"id":13842,"href":"https:\/\/www.pkm.jaworzno.pl\/www\/wp-json\/wp\/v2\/posts\/13822\/revisions\/13842"}],"wp:attachment":[{"href":"https:\/\/www.pkm.jaworzno.pl\/www\/wp-json\/wp\/v2\/media?parent=13822"}],"wp:term":[{"taxonomy":"category","embeddable":true,"href":"https:\/\/www.pkm.jaworzno.pl\/www\/wp-json\/wp\/v2\/categories?post=13822"},{"taxonomy":"post_tag","embeddable":true,"href":"https:\/\/www.pkm.jaworzno.pl\/www\/wp-json\/wp\/v2\/tags?post=13822"}],"curies":[{"name":"wp","href":"https:\/\/api.w.org\/{rel}","templated":true}]}}