{"id":17179,"date":"2026-03-11T10:05:16","date_gmt":"2026-03-11T09:05:16","guid":{"rendered":"https:\/\/www.pkm.jaworzno.pl\/www\/?p=17179"},"modified":"2026-03-11T10:21:19","modified_gmt":"2026-03-11T09:21:19","slug":"zamkniecie-ul-wojska-polskiego","status":"publish","type":"post","link":"https:\/\/www.pkm.jaworzno.pl\/www\/2026\/03\/zamkniecie-ul-wojska-polskiego\/","title":{"rendered":"Zamkni\u0119cie ul. Wojska Polskiego"},"content":{"rendered":"<p>Informujemy, \u017ce od <strong>16 marca (poniedzia\u0142ek)<\/strong> w zwi\u0105zku z zamkni\u0119ciem dla ruchu ul. Wojska Polskiego zostan\u0105 wprowadzone nast\u0119puj\u0105ce zmiany w organizacji komunikacji miejskiej:<\/p>\n<p>Linia <strong>344<\/strong><\/p>\n<ul>\n<li>Wprowadzenie nowego rozk\u0142adu jazdy oraz zmiana trasy w rejonie elektrowni:<\/li>\n<\/ul>\n<div class=\"wp-block-image\"><img loading=\"lazy\" decoding=\"async\" class=\"wpa-warning wpa-image-missing-alt aligncenter wp-image-17180 size-full\" src=\"http:\/\/www.pkm.jaworzno.pl\/www\/wp-content\/uploads\/2026\/03\/rect197810.png\" alt=\"\" width=\"568\" height=\"341\" data-warning=\"Missing alt text\" srcset=\"https:\/\/www.pkm.jaworzno.pl\/www\/wp-content\/uploads\/2026\/03\/rect197810.png 568w, https:\/\/www.pkm.jaworzno.pl\/www\/wp-content\/uploads\/2026\/03\/rect197810-300x180.png 300w\" sizes=\"auto, (max-width: 568px) 100vw, 568px\" \/><\/div>\n<p>Linia <strong>350<\/strong><\/p>\n<ul>\n<li>Wprowadzenie nowego rozk\u0142adu jazdy oraz wyd\u0142u\u017cenie linii do Wysokiego Brzegu zamiennie za lini\u0119 <strong>370<\/strong>:<\/li>\n<\/ul>\n<div class=\"wp-block-image\"><img loading=\"lazy\" decoding=\"async\" class=\"wpa-warning wpa-image-missing-alt size-full wp-image-17191 aligncenter\" src=\"http:\/\/www.pkm.jaworzno.pl\/www\/wp-content\/uploads\/2026\/03\/rect197810-3.png\" alt=\"\" width=\"639\" height=\"341\" data-warning=\"Missing alt text\" srcset=\"https:\/\/www.pkm.jaworzno.pl\/www\/wp-content\/uploads\/2026\/03\/rect197810-3.png 639w, https:\/\/www.pkm.jaworzno.pl\/www\/wp-content\/uploads\/2026\/03\/rect197810-3-300x160.png 300w, https:\/\/www.pkm.jaworzno.pl\/www\/wp-content\/uploads\/2026\/03\/rect197810-3-600x320.png 600w\" sizes=\"auto, (max-width: 639px) 100vw, 639px\" \/><\/div>\n<p><span style=\"color: #0000ff;\"><em>Cena biletu jednorazowego na trasie: <span style=\"text-decoration: underline;\"><strong>WYSOKI BRZEG P\u0118TLA<\/strong><\/span> &lt;&gt; dowolny przystanek w Jaworznie <\/em><\/span><span style=\"color: #0000ff;\"><em>wynosi bez zmian 4 z\u0142 (bilet normalny) i 2 z\u0142 (bilet ulgowy)<\/em><\/span><\/p>\n<hr \/>\n<p>Linia <strong>370<\/strong><\/p>\n<ul>\n<li>Wprowadzenie nowego rozk\u0142adu jazdy oraz skr\u00f3cenie kurs\u00f3w dotychczas doje\u017cd\u017caj\u0105cych do Wysokiego Brzegu.<\/li>\n<\/ul>\n<hr \/>\n<p>Ca\u0142kowicie wy\u0142\u0105czone z obs\u0142ugi zostan\u0105 przystanki:<\/p>\n<ul>\n<li><span style=\"text-decoration: underline; color: #ff0000;\">WYSOKI BRZEG<\/span> &#8211; prosimy o przej\u015bcie na przystanek <span style=\"text-decoration: underline;\"><strong>WYSOKI BRZEG P\u0118TLA<\/strong><\/span><\/li>\n<li><span style=\"text-decoration: underline;\"><span style=\"color: #ff0000; text-decoration: underline;\">PROMIENNA<\/span><\/span> oraz <span style=\"text-decoration: underline; color: #ff0000;\">ELEKTROWNIA<\/span> &#8211; prosimy o przej\u015bcie na przystanek <span style=\"text-decoration: underline;\"><strong>ELEKTROWNIA PARKING<\/strong><\/span>.<\/li>\n<\/ul>\n<hr \/>\n<p>Do obs\u0142ugi w\u0142\u0105czone zostan\u0105 dodatkowe przystanki w Mys\u0142owicach:<\/p>\n<ul>\n<li><span style=\"text-decoration: underline;\"><span style=\"background-color: yellow;\">BRZEZINKA DWORCOWA<\/span><\/span><\/li>\n<li><span style=\"text-decoration: underline;\"><span style=\"background-color: yellow;\">BRZEZINKA NOWOCHRZANOWSKA<\/span><\/span><\/li>\n<li><span style=\"text-decoration: underline;\"><span style=\"background-color: yellow;\">BRZEZINKA CMENTARNA<\/span><\/span><\/li>\n<\/ul>\n<hr \/>\n<div class=\"wp-block-image\"><a href=\"http:\/\/www.pkm.jaworzno.pl\/www\/wp-content\/uploads\/2026\/03\/rect197810-4-scaled.png\" rel=\"lightbox[17179]\"><img loading=\"lazy\" decoding=\"async\" class=\"wpa-warning wpa-image-missing-alt aligncenter size-large wp-image-17199\" src=\"http:\/\/www.pkm.jaworzno.pl\/www\/wp-content\/uploads\/2026\/03\/rect197810-4-1024x724.png\" alt=\"\" width=\"1024\" height=\"724\" data-warning=\"Missing alt text\" srcset=\"https:\/\/www.pkm.jaworzno.pl\/www\/wp-content\/uploads\/2026\/03\/rect197810-4-1024x724.png 1024w, https:\/\/www.pkm.jaworzno.pl\/www\/wp-content\/uploads\/2026\/03\/rect197810-4-300x212.png 300w, https:\/\/www.pkm.jaworzno.pl\/www\/wp-content\/uploads\/2026\/03\/rect197810-4-768x543.png 768w, https:\/\/www.pkm.jaworzno.pl\/www\/wp-content\/uploads\/2026\/03\/rect197810-4-600x424.png 600w, https:\/\/www.pkm.jaworzno.pl\/www\/wp-content\/uploads\/2026\/03\/rect197810-4-1536x1086.png 1536w, https:\/\/www.pkm.jaworzno.pl\/www\/wp-content\/uploads\/2026\/03\/rect197810-4-2048x1448.png 2048w\" sizes=\"auto, (max-width: 1024px) 100vw, 1024px\" \/><\/a><\/div>\n","protected":false},"excerpt":{"rendered":"<p>Informujemy, \u017ce od 16 marca (poniedzia\u0142ek) w zwi\u0105zku z zamkni\u0119ciem dla ruchu ul. Wojska Polskiego zostan\u0105 wprowadzone nast\u0119puj\u0105ce zmiany w organizacji komunikacji miejskiej: Linia 344 Wprowadzenie nowego rozk\u0142adu jazdy oraz zmiana trasy w rejonie elektrowni: Linia 350 Wprowadzenie nowego rozk\u0142adu jazdy oraz wyd\u0142u\u017cenie linii do Wysokiego Brzegu zamiennie za lini\u0119 370: Cena biletu jednorazowego na [&hellip;]<\/p>\n","protected":false},"author":6,"featured_media":0,"comment_status":"open","ping_status":"open","sticky":false,"template":"","format":"standard","meta":{"_acf_changed":false,"footnotes":""},"categories":[1,8],"tags":[],"class_list":["post-17179","post","type-post","status-publish","format-standard","hentry","category-aktualnosci","category-komunikaty"],"acf":[],"publishpress_future_action":{"enabled":false,"date":"2026-05-06 17:47:46","action":"change-status","newStatus":"draft","terms":[],"taxonomy":"category","extraData":[]},"publishpress_future_workflow_manual_trigger":{"enabledWorkflows":[]},"_links":{"self":[{"href":"https:\/\/www.pkm.jaworzno.pl\/www\/wp-json\/wp\/v2\/posts\/17179","targetHints":{"allow":["GET"]}}],"collection":[{"href":"https:\/\/www.pkm.jaworzno.pl\/www\/wp-json\/wp\/v2\/posts"}],"about":[{"href":"https:\/\/www.pkm.jaworzno.pl\/www\/wp-json\/wp\/v2\/types\/post"}],"author":[{"embeddable":true,"href":"https:\/\/www.pkm.jaworzno.pl\/www\/wp-json\/wp\/v2\/users\/6"}],"replies":[{"embeddable":true,"href":"https:\/\/www.pkm.jaworzno.pl\/www\/wp-json\/wp\/v2\/comments?post=17179"}],"version-history":[{"count":9,"href":"https:\/\/www.pkm.jaworzno.pl\/www\/wp-json\/wp\/v2\/posts\/17179\/revisions"}],"predecessor-version":[{"id":17200,"href":"https:\/\/www.pkm.jaworzno.pl\/www\/wp-json\/wp\/v2\/posts\/17179\/revisions\/17200"}],"wp:attachment":[{"href":"https:\/\/www.pkm.jaworzno.pl\/www\/wp-json\/wp\/v2\/media?parent=17179"}],"wp:term":[{"taxonomy":"category","embeddable":true,"href":"https:\/\/www.pkm.jaworzno.pl\/www\/wp-json\/wp\/v2\/categories?post=17179"},{"taxonomy":"post_tag","embeddable":true,"href":"https:\/\/www.pkm.jaworzno.pl\/www\/wp-json\/wp\/v2\/tags?post=17179"}],"curies":[{"name":"wp","href":"https:\/\/api.w.org\/{rel}","templated":true}]}}