{"id":17430,"date":"2026-04-29T17:01:15","date_gmt":"2026-04-29T15:01:15","guid":{"rendered":"https:\/\/www.pkm.jaworzno.pl\/www\/?p=17430"},"modified":"2026-04-29T17:04:27","modified_gmt":"2026-04-29T15:04:27","slug":"kolejny-etap-remontu-ul-krakowskiej-w-byczynie","status":"publish","type":"post","link":"https:\/\/www.pkm.jaworzno.pl\/www\/2026\/04\/kolejny-etap-remontu-ul-krakowskiej-w-byczynie\/","title":{"rendered":"Kolejny etap remontu ul. Krakowskiej w Byczynie"},"content":{"rendered":"<p>Informujemy, \u017ce od <strong>4 maja (poniedzia\u0142ek)<\/strong> w zwi\u0105zku z rozpocz\u0119ciem kolejnego etapu przebudowy ul. Krakowskiej, wprowadzone zostan\u0105 nast\u0119puj\u0105ce zmiany w organizacji komunikacji miejskiej:<\/p>\n<p>Linia <strong>A<\/strong><\/p>\n<ul>\n<li>(&#8230;) <span style=\"text-decoration: underline;\">CEZAR\u00d3WKA DOLNA<\/span> &#8211; <span style=\"color: #808080;\"><em>\/przejazd wyremontowanym odc. ul. Krakowskiej, zawracanie na p\u0119tli w centrum Byczyny\/<\/em> <\/span>&#8211; <span style=\"text-decoration: underline;\"><span style=\"background-color: yellow;\">BYCZYNA<\/span><\/span><span style=\"background-color: yellow;\"> (przyst. zast\u0119pczy po stronie rynku)<\/span>\u00a0 &#8211; <span style=\"color: #808080;\"><em>\/przejazd wyremontowanym odc. ul. Krakowskiej i estakad\u0105\/<\/em><\/span> &#8211; <span style=\"text-decoration: underline;\">BORY PODG\u00d3RSKA<\/span> (&#8230;)<\/li>\n<li>(&#8230;) <span style=\"text-decoration: underline;\">BORY PODG\u00d3RSKA<\/span> &#8211; <em><span style=\"color: #808080;\">\/przejazd estakad\u0105 i wyremontowanym odc. ul. Krakowskiej\/<\/span> &#8211;<\/em> <span style=\"text-decoration: underline;\"><span style=\"background-color: yellow;\">BYCZYNA<\/span><\/span><span style=\"background-color: yellow;\"> (przyst. zast\u0119pczy po stronie pomnika)<\/span> \u00a0&#8211; <span style=\"color: #808080;\"><em>\/zawracanie na p\u0119tli w centrum Byczyny, przejazd wyremontowanym odc. ul. Krakowskiej\/<\/em><\/span> &#8211; <u>CEZAR\u00d3WKA DOLNA<\/u> (&#8230;)<\/li>\n<li>Wprowadzenie nowego rozk\u0142adu jazdy oraz trasy objazdowej.<\/li>\n<\/ul>\n<p>Linia <strong>E<\/strong><\/p>\n<ul>\n<li>(&#8230;) <span style=\"text-decoration: underline;\">BYCZYNA GWARDZIST\u00d3W<\/span> &#8211; <span style=\"text-decoration: underline;\"><span style=\"background-color: yellow;\">BYCZYNA<\/span><\/span><span style=\"background-color: yellow;\"> (przyst. zast\u0119pczy po stronie rynku)<\/span>\u00a0 &#8211; <span style=\"color: #808080;\"><em>\/przejazd wyremontowanym odc. ul. Krakowskiej i estakad\u0105\/<\/em> <\/span>&#8211; <span style=\"text-decoration: underline;\">BORY PODG\u00d3RSKA<\/span> (&#8230;)<\/li>\n<li>(&#8230;) <span style=\"text-decoration: underline;\">BORY PODG\u00d3RSKA<\/span> &#8211; <em><span style=\"color: #808080;\">\/przejazd estakad\u0105 i wyremontowanym odc. ul. Krakowskiej\/<\/span> &#8211;<\/em> <span style=\"text-decoration: underline;\"><span style=\"background-color: yellow;\">BYCZYNA<\/span><\/span><span style=\"background-color: yellow;\"> (przyst. zast\u0119pczy po stronie pomnika)<\/span> \u00a0&#8211; <span style=\"text-decoration: underline;\">BYCZYNA P\u0118TLA<\/span> &#8211; <span style=\"text-decoration: underline;\">BYCZYNA GWARDZIST\u00d3W<\/span> (&#8230;)<\/li>\n<li>Wprowadzenie nowego rozk\u0142adu jazdy oraz trasy objazdowej.<\/li>\n<\/ul>\n<p>Linia <strong>350<\/strong><\/p>\n<ul>\n<li>(&#8230;) <span style=\"text-decoration: underline;\">BYCZYNA DOM KULTURY<\/span>\u00a0&#8211; <span style=\"text-decoration: underline;\"><span style=\"background-color: yellow;\">BYCZYNA<\/span><\/span><span style=\"background-color: yellow;\"> (przyst. zast\u0119pczy po stronie rynku)<\/span>\u00a0 &#8211; <span style=\"color: #808080;\"><em>\/przejazd wyremontowanym odc. ul. Krakowskiej i estakad\u0105\/<\/em><\/span> &#8211; <span style=\"text-decoration: underline;\">BORY PODG\u00d3RSKA<\/span> (&#8230;)<\/li>\n<li>(&#8230;) <span style=\"text-decoration: underline;\">BORY PODG\u00d3RSKA<\/span> &#8211; <em><span style=\"color: #808080;\">\/przejazd estakad\u0105 i wyremontowanym odc. ul. Krakowskiej\/<\/span> &#8211;<\/em> <span style=\"text-decoration: underline;\"><span style=\"background-color: yellow;\">BYCZYNA<\/span><\/span><span style=\"background-color: yellow;\"> (przyst. zast\u0119pczy po stronie pomnika)<\/span> &#8211; <u>BYCZYNA DOM KULTURY<\/u> (&#8230;)<\/li>\n<li>Wprowadzenie nowego rozk\u0142adu jazdy oraz trasy objazdowej.<\/li>\n<\/ul>\n<p>Linia <strong>367<\/strong><\/p>\n<ul>\n<li>(&#8230;) <span style=\"text-decoration: underline;\">BYCZYNA REWOLUCJONIST\u00d3W<\/span> &#8211; <span style=\"text-decoration: underline;\"><span style=\"background-color: yellow;\">BYCZYNA<\/span><\/span><span style=\"background-color: yellow;\"> (przyst. zast\u0119pczy po stronie rynku)<\/span> &#8211; <span style=\"color: #808080;\"><em>\/przejazd wyremontowanym odc. ul. Krakowskiej i estakad\u0105\/<\/em><\/span> &#8211; <span style=\"text-decoration: underline;\">BORY PODG\u00d3RSKA<\/span> (&#8230;)<\/li>\n<li>(&#8230;) <span style=\"text-decoration: underline;\">BORY PODG\u00d3RSKA<\/span> &#8211; <span style=\"color: #808080;\"><em>\/przejazd estakad\u0105 i wyremontowanym odc. ul. Krakowskiej\/<\/em><\/span> <em>&#8211;<\/em> <span style=\"text-decoration: underline;\"><span style=\"background-color: yellow;\">BYCZYNA<\/span><\/span><span style=\"background-color: yellow;\"> (przyst. zast\u0119pczy po stronie pomnika)<\/span> &#8211; <strong><span style=\"text-decoration: underline;\">BYCZYNA P\u0118TLA<\/span><\/strong><\/li>\n<li>Kursy rozpoczynaj\u0105ce si\u0119 na przystanku <span style=\"text-decoration: underline;\"><strong>BYCZYNA P\u0118TLA<\/strong><\/span> oraz kursy przyje\u017cd\u017caj\u0105ce od strony Jelenia i ko\u0144cz\u0105ce si\u0119 na przystanku <span style=\"text-decoration: underline;\"><strong>BYCZYNA P\u0118TLA<\/strong><\/span> realizowane b\u0119d\u0105 bez zmian.<\/li>\n<li>Wprowadzenie nowego rozk\u0142adu jazdy oraz trasy objazdowej.<\/li>\n<\/ul>\n<hr \/>\n<p>Wy\u0142\u0105czony z obs\u0142ugi zostanie przystanek <span style=\"text-decoration: underline; color: #ff0000;\">BYCZYNA<\/span>. Uruchomione zostan\u0105 dwa zast\u0119pcze stanowiska na wyremontowanym odcinku ul.\u00a0Krakowskiej. Jedno po stronie rynku, a drugie po stronie pomnika.<\/p>\n<hr \/>\n<p>Przystanek <span style=\"text-decoration: underline;\">BYCZYNA SZKO\u0141A<\/span> zostanie w\u0142\u0105czony do obs\u0142ugi w p\u00f3\u017aniejszym terminie.<\/p>\n<hr \/>\n<div class=\"wp-block-image\"><a href=\"http:\/\/www.pkm.jaworzno.pl\/www\/wp-content\/uploads\/2026\/04\/dsffdfsd-scaled.png\" rel=\"lightbox[17430]\"><img loading=\"lazy\" decoding=\"async\" class=\"wpa-warning wpa-image-missing-alt aligncenter size-large wp-image-17436\" src=\"http:\/\/www.pkm.jaworzno.pl\/www\/wp-content\/uploads\/2026\/04\/dsffdfsd-1024x724.png\" alt=\"\" width=\"1024\" height=\"724\" data-warning=\"Missing alt text\" srcset=\"https:\/\/www.pkm.jaworzno.pl\/www\/wp-content\/uploads\/2026\/04\/dsffdfsd-1024x724.png 1024w, https:\/\/www.pkm.jaworzno.pl\/www\/wp-content\/uploads\/2026\/04\/dsffdfsd-300x212.png 300w, https:\/\/www.pkm.jaworzno.pl\/www\/wp-content\/uploads\/2026\/04\/dsffdfsd-768x543.png 768w, https:\/\/www.pkm.jaworzno.pl\/www\/wp-content\/uploads\/2026\/04\/dsffdfsd-600x424.png 600w, https:\/\/www.pkm.jaworzno.pl\/www\/wp-content\/uploads\/2026\/04\/dsffdfsd-1536x1086.png 1536w, https:\/\/www.pkm.jaworzno.pl\/www\/wp-content\/uploads\/2026\/04\/dsffdfsd-2048x1448.png 2048w\" sizes=\"auto, (max-width: 1024px) 100vw, 1024px\" \/><\/a><\/div>\n","protected":false},"excerpt":{"rendered":"<p>Informujemy, \u017ce od 4 maja (poniedzia\u0142ek) w zwi\u0105zku z rozpocz\u0119ciem kolejnego etapu przebudowy ul. Krakowskiej, wprowadzone zostan\u0105 nast\u0119puj\u0105ce zmiany w organizacji komunikacji miejskiej: Linia A (&#8230;) CEZAR\u00d3WKA DOLNA &#8211; \/przejazd wyremontowanym odc. ul. Krakowskiej, zawracanie na p\u0119tli w centrum Byczyny\/ &#8211; BYCZYNA (przyst. zast\u0119pczy po stronie rynku)\u00a0 &#8211; \/przejazd wyremontowanym odc. ul. Krakowskiej i estakad\u0105\/ [&hellip;]<\/p>\n","protected":false},"author":6,"featured_media":0,"comment_status":"open","ping_status":"open","sticky":false,"template":"","format":"standard","meta":{"_acf_changed":false,"footnotes":""},"categories":[1,8],"tags":[],"class_list":["post-17430","post","type-post","status-publish","format-standard","hentry","category-aktualnosci","category-komunikaty"],"acf":[],"publishpress_future_action":{"enabled":false,"date":"2026-05-07 15:55:03","action":"change-status","newStatus":"draft","terms":[],"taxonomy":"category","extraData":[]},"publishpress_future_workflow_manual_trigger":{"enabledWorkflows":[]},"_links":{"self":[{"href":"https:\/\/www.pkm.jaworzno.pl\/www\/wp-json\/wp\/v2\/posts\/17430","targetHints":{"allow":["GET"]}}],"collection":[{"href":"https:\/\/www.pkm.jaworzno.pl\/www\/wp-json\/wp\/v2\/posts"}],"about":[{"href":"https:\/\/www.pkm.jaworzno.pl\/www\/wp-json\/wp\/v2\/types\/post"}],"author":[{"embeddable":true,"href":"https:\/\/www.pkm.jaworzno.pl\/www\/wp-json\/wp\/v2\/users\/6"}],"replies":[{"embeddable":true,"href":"https:\/\/www.pkm.jaworzno.pl\/www\/wp-json\/wp\/v2\/comments?post=17430"}],"version-history":[{"count":4,"href":"https:\/\/www.pkm.jaworzno.pl\/www\/wp-json\/wp\/v2\/posts\/17430\/revisions"}],"predecessor-version":[{"id":17442,"href":"https:\/\/www.pkm.jaworzno.pl\/www\/wp-json\/wp\/v2\/posts\/17430\/revisions\/17442"}],"wp:attachment":[{"href":"https:\/\/www.pkm.jaworzno.pl\/www\/wp-json\/wp\/v2\/media?parent=17430"}],"wp:term":[{"taxonomy":"category","embeddable":true,"href":"https:\/\/www.pkm.jaworzno.pl\/www\/wp-json\/wp\/v2\/categories?post=17430"},{"taxonomy":"post_tag","embeddable":true,"href":"https:\/\/www.pkm.jaworzno.pl\/www\/wp-json\/wp\/v2\/tags?post=17430"}],"curies":[{"name":"wp","href":"https:\/\/api.w.org\/{rel}","templated":true}]}}