{"id":17970,"date":"2026-09-02T13:24:29","date_gmt":"2026-09-02T11:24:29","guid":{"rendered":"https:\/\/www.pkm.jaworzno.pl\/www\/?p=17970"},"modified":"2026-09-02T13:45:20","modified_gmt":"2026-09-02T11:45:20","slug":"koniec-pewnej-epoki-ostatni-weekend-z-autobusami-15-metrowymi-w-pkm-jaworzno","status":"publish","type":"post","link":"https:\/\/www.pkm.jaworzno.pl\/www\/2026\/09\/koniec-pewnej-epoki-ostatni-weekend-z-autobusami-15-metrowymi-w-pkm-jaworzno\/","title":{"rendered":"Koniec pewnej epoki. Ostatni weekend z autobusami 15-metrowymi w PKM Jaworzno"},"content":{"rendered":"<p>Specjalnie dla mi\u0142o\u015bnik\u00f3w komunikacji miejskiej przygotowali\u015bmy symboliczne po\u017cegnanie. Ju\u017c w najbli\u017cszy weekend, <strong>5<\/strong> i <strong>6 wrze\u015bnia<\/strong>, po raz ostatni na linie wyjad\u0105 15-metrowe autobusy eksploatowane przez PKM Jaworzno.<\/p>\n<p>Przez ca\u0142y weekend autobusy te b\u0119dzie mo\u017cna spotka\u0107 na wszystkich kursach linii <strong>390<\/strong>. To doskona\u0142a okazja do przejazdu, wykonania pami\u0105tkowych zdj\u0119\u0107 i po\u017cegnania pojazd\u00f3w, kt\u00f3re przez lata stanowi\u0142y ciekaw\u0105 cz\u0119\u015b\u0107 naszego taboru.<\/p>\n<p>Historia autobus\u00f3w 15-metrowych w Jaworznie rozpocz\u0119\u0142a si\u0119 w 2004 roku, kiedy zakupiono 6 autobus\u00f3w Solaris Urbino 15. Drugim i ostatnim zakupem by\u0142o 10 autobus\u00f3w MAN NL323-15 Lion&#8217;s City LL w 2010 roku.<\/p>\n<p>Ostatnie dwa u\u017cytkowane pojazdy o numerach bocznych <strong>283<\/strong> i <strong>290<\/strong> ko\u0144cz\u0105 swoj\u0105 s\u0142u\u017cb\u0119. Ka\u017cdy przejecha\u0142 ponad 1 mln km, a ich wycofanie zwi\u0105zane jest z dalsz\u0105 modernizacj\u0105 floty i wdra\u017caniem kolejnych autobus\u00f3w elektrycznych.<\/p>\n<p>Nie by\u0142y to autobusy bez wad. Pasa\u017cerowie wskazywali na brak klimatyzacji i do\u015b\u0107 ciasne wn\u0119trze. Z kolei kierowcy musieli pami\u0119ta\u0107, \u017ce w trzyosiowych pojazdach mocno zachodz\u0105cy ty\u0142 wymaga\u0142 wi\u0119kszej uwagi ni\u017c w przypadku standardowych pojazd\u00f3w.<\/p>\n<p>W bran\u017cowym \u017cargonie autobusy tego typu cz\u0119sto okre\u015bla si\u0119 mianem \u201edesek\u201d lub \u201edeskorolek\u201d. Przydomek ten nawi\u0105zuje do ich charakterystycznego, wyd\u0142u\u017conego nadwozia. S\u0105 one rozwi\u0105zaniem po\u015brednim pomi\u0119dzy standardowymi autobusami 12-metrowymi a 18-metrowymi autobusami przegubowymi.<\/p>\n<div class=\"wp-block-image\"><\/div>\n","protected":false},"excerpt":{"rendered":"<p>Specjalnie dla mi\u0142o\u015bnik\u00f3w komunikacji miejskiej przygotowali\u015bmy symboliczne po\u017cegnanie. Ju\u017c w najbli\u017cszy weekend, 5 i 6 wrze\u015bnia, po raz ostatni na linie wyjad\u0105 15-metrowe autobusy eksploatowane przez PKM Jaworzno. Przez ca\u0142y weekend autobusy te b\u0119dzie mo\u017cna spotka\u0107 na wszystkich kursach linii 390. To doskona\u0142a okazja do przejazdu, wykonania pami\u0105tkowych zdj\u0119\u0107 i po\u017cegnania pojazd\u00f3w, kt\u00f3re przez lata [&hellip;]<\/p>\n","protected":false},"author":8,"featured_media":0,"comment_status":"open","ping_status":"open","sticky":false,"template":"","format":"standard","meta":{"_acf_changed":false,"footnotes":""},"categories":[1,12],"tags":[],"class_list":["post-17970","post","type-post","status-publish","format-standard","hentry","category-aktualnosci","category-news"],"acf":[],"publishpress_future_action":{"enabled":false,"date":"2026-09-10 07:41:36","action":"change-status","newStatus":"draft","terms":[],"taxonomy":"category","extraData":[]},"publishpress_future_workflow_manual_trigger":{"enabledWorkflows":[]},"_links":{"self":[{"href":"https:\/\/www.pkm.jaworzno.pl\/www\/wp-json\/wp\/v2\/posts\/17970","targetHints":{"allow":["GET"]}}],"collection":[{"href":"https:\/\/www.pkm.jaworzno.pl\/www\/wp-json\/wp\/v2\/posts"}],"about":[{"href":"https:\/\/www.pkm.jaworzno.pl\/www\/wp-json\/wp\/v2\/types\/post"}],"author":[{"embeddable":true,"href":"https:\/\/www.pkm.jaworzno.pl\/www\/wp-json\/wp\/v2\/users\/8"}],"replies":[{"embeddable":true,"href":"https:\/\/www.pkm.jaworzno.pl\/www\/wp-json\/wp\/v2\/comments?post=17970"}],"version-history":[{"count":6,"href":"https:\/\/www.pkm.jaworzno.pl\/www\/wp-json\/wp\/v2\/posts\/17970\/revisions"}],"predecessor-version":[{"id":17979,"href":"https:\/\/www.pkm.jaworzno.pl\/www\/wp-json\/wp\/v2\/posts\/17970\/revisions\/17979"}],"wp:attachment":[{"href":"https:\/\/www.pkm.jaworzno.pl\/www\/wp-json\/wp\/v2\/media?parent=17970"}],"wp:term":[{"taxonomy":"category","embeddable":true,"href":"https:\/\/www.pkm.jaworzno.pl\/www\/wp-json\/wp\/v2\/categories?post=17970"},{"taxonomy":"post_tag","embeddable":true,"href":"https:\/\/www.pkm.jaworzno.pl\/www\/wp-json\/wp\/v2\/tags?post=17970"}],"curies":[{"name":"wp","href":"https:\/\/api.w.org\/{rel}","templated":true}]}}