{"id":8481,"date":"2019-04-03T14:17:57","date_gmt":"2019-04-03T12:17:57","guid":{"rendered":"http:\/\/www.pkm.jaworzno.pl\/www\/?p=8481"},"modified":"2019-04-04T11:08:42","modified_gmt":"2019-04-04T09:08:42","slug":"otwarcie-ul-podwale-zamkniecie-fragmentu-ul-sw-wojciecha","status":"publish","type":"post","link":"https:\/\/www.pkm.jaworzno.pl\/www\/2019\/04\/otwarcie-ul-podwale-zamkniecie-fragmentu-ul-sw-wojciecha\/","title":{"rendered":"Otwarcie ul. Podwale, zamkni\u0119cie fragmentu ul. \u015bw. Wojciecha"},"content":{"rendered":"<p>Informujemy, \u017ce od <strong>8 kwietnia (poniedzia\u0142ek)<\/strong> w zwi\u0105zku z otwarciem dla ruchu ul. Podwale i zamkni\u0119ciem fragmentu ul. \u015bw. Wojciecha wprowadzone zostan\u0105 nast\u0119puj\u0105ce zmiany w funkcjonowaniu komunikacji miejskiej:<\/p>\n<p>Linie <strong>N1<\/strong>, <strong>N2<\/strong>, <strong>303<\/strong>, <strong>319<\/strong>, <strong>370<\/strong>, <strong>374<\/strong><\/p>\n<ul>\n<li>Przywr\u00f3cenie sta\u0142ych tras przejazdu z obs\u0142ug\u0105 przystank\u00f3w: <span style=\"text-decoration: underline;\">RYNEK<\/span>, <span style=\"text-decoration: underline;\">PLAC \u015aW. JANA<\/span>, <span style=\"text-decoration: underline;\">PODWALE,<\/span> <span style=\"text-decoration: underline;\">PODWALE LICEUM<\/span> (w sta\u0142ej lokalizacji na ul. Podwale).<\/li>\n<li>Pasa\u017cer\u00f3w korzystaj\u0105cych z przystanku <span style=\"text-decoration: underline;\">PODWALE 11. LISTOPADA<\/span> prosimy o zwr\u00f3cenie szczeg\u00f3lnej uwagi na kierunkowo\u015b\u0107 odjazd\u00f3w<\/li>\n<\/ul>\n<p>Linia<strong> 304\u00a0<\/strong><\/p>\n<ul>\n<li>Wprowadzenie trasy objazdowej m. in. ul. Drabika.<\/li>\n<li>Przystanek <span style=\"text-decoration: underline;\">WARPIE WODOCI\u0104GI<\/span> przeniesiony zostanie o oko\u0142o 100 metr\u00f3w w kierunku Szczakowej.<\/li>\n<li>Dodatkowo, w kierunku Szczakowej do obs\u0142ugi w\u0142\u0105czony zostanie przystanek <span style=\"background-color: #ffff00;\"><u>CHE\u0141MO\u0143SKIEGO<\/u><\/span>.<\/li>\n<\/ul>\n<p>Linia <strong>326<\/strong><\/p>\n<ul>\n<li>Wprowadzenie trasy objazdowej: (&#8230;) &#8211; <span style=\"text-decoration: underline;\"><strong>CENTRUM<\/strong><\/span> &#8211; <span style=\"text-decoration: underline;\">RYNEK<\/span> &#8211; <span style=\"background-color: #ffff00;\"><u>CHE\u0141MO\u0143SKIEGO<\/u><\/span>\u00a0&#8211; <span style=\"text-decoration: underline;\">SZPITAL<\/span> &#8211; (&#8230;).<\/li>\n<\/ul>\n<p>Linia <strong>368<\/strong><\/p>\n<ul>\n<li>Wprowadzenie trasy objazdowej: (&#8230;) &#8211; <span style=\"text-decoration: underline;\">SZPITAL<\/span> &#8211; <span style=\"background-color: #ffff00;\"><u>OBRO\u0143C\u00d3W POCZTY GDA\u0143SKIEJ<\/u><\/span> &#8211; <span style=\"background-color: #ffff00;\"><u>BIBLIOTEKA<\/u><\/span> &#8211; <span style=\"background-color: #ffff00;\"><u>ZIELONA<\/u><\/span> &#8211; <span style=\"text-decoration: underline;\"><strong>CENTRUM<\/strong><\/span> &#8211; <span style=\"text-decoration: underline;\">URZ\u0104D MIEJSKI<\/span> &#8211; (&#8230;).<\/li>\n<\/ul>\n<p>Dotychczasowy przystanek zast\u0119pczy <span style=\"background-color: #ffff00;\"><u>PODWALE LICEUM<\/u><\/span>\u00a0(na ul. 11 Listopada) zmieni nazw\u0119 na <span style=\"text-decoration: underline;\">PODWALE LICEALNA<\/span> i funkcjonowa\u0142 b\u0119dzie jako przystanek sta\u0142y dla linii <strong>N1<\/strong>, <strong>N2<\/strong>, <strong>303<\/strong>, <strong>319<\/strong> i <strong>374<\/strong> (w kierunku Osiedla Gigant). Prosimy o zwr\u00f3cenie szczeg\u00f3lnej uwagi na zmienion\u0105 kierunkowo\u015b\u0107 odjazd\u00f3w w stosunku do tras objazdowych.<\/p>\n<p>Z obs\u0142ugi wy\u0142\u0105czone zostan\u0105 przystanki zast\u0119pcze: <span style=\"background-color: #ffff00;\"><u>PADEREWSKIEGO<\/u><\/span>, <span style=\"background-color: #ffff00;\"><u>BRONIEWSKIEGO<\/u><\/span>, <span style=\"background-color: #ffff00;\"><u>GIGANT BOGUS\u0141AWSKIEGO PRZYCHODNIA<\/u><\/span>\u00a0i <span style=\"background-color: #ffff00;\"><u>\u015aW. WOJCIECHA<\/u><\/span>.<\/p>\n","protected":false},"excerpt":{"rendered":"<p>Informujemy, \u017ce od 8 kwietnia (poniedzia\u0142ek) w zwi\u0105zku z otwarciem dla ruchu ul. Podwale i zamkni\u0119ciem fragmentu ul. \u015bw. Wojciecha wprowadzone zostan\u0105 nast\u0119puj\u0105ce zmiany w funkcjonowaniu komunikacji miejskiej: Linie N1, N2, 303, 319, 370, 374 Przywr\u00f3cenie sta\u0142ych tras przejazdu z obs\u0142ug\u0105 przystank\u00f3w: RYNEK, PLAC \u015aW. JANA, PODWALE, PODWALE LICEUM (w sta\u0142ej lokalizacji na ul. Podwale). [&hellip;]<\/p>\n","protected":false},"author":6,"featured_media":0,"comment_status":"open","ping_status":"open","sticky":false,"template":"","format":"standard","meta":{"_acf_changed":false,"footnotes":""},"categories":[1,8],"tags":[],"class_list":["post-8481","post","type-post","status-publish","format-standard","hentry","category-aktualnosci","category-komunikaty"],"acf":[],"publishpress_future_action":{"enabled":false,"date":"2026-05-07 17:23:15","action":"change-status","newStatus":"draft","terms":[],"taxonomy":"category","extraData":[]},"publishpress_future_workflow_manual_trigger":{"enabledWorkflows":[]},"_links":{"self":[{"href":"https:\/\/www.pkm.jaworzno.pl\/www\/wp-json\/wp\/v2\/posts\/8481","targetHints":{"allow":["GET"]}}],"collection":[{"href":"https:\/\/www.pkm.jaworzno.pl\/www\/wp-json\/wp\/v2\/posts"}],"about":[{"href":"https:\/\/www.pkm.jaworzno.pl\/www\/wp-json\/wp\/v2\/types\/post"}],"author":[{"embeddable":true,"href":"https:\/\/www.pkm.jaworzno.pl\/www\/wp-json\/wp\/v2\/users\/6"}],"replies":[{"embeddable":true,"href":"https:\/\/www.pkm.jaworzno.pl\/www\/wp-json\/wp\/v2\/comments?post=8481"}],"version-history":[{"count":8,"href":"https:\/\/www.pkm.jaworzno.pl\/www\/wp-json\/wp\/v2\/posts\/8481\/revisions"}],"predecessor-version":[{"id":8491,"href":"https:\/\/www.pkm.jaworzno.pl\/www\/wp-json\/wp\/v2\/posts\/8481\/revisions\/8491"}],"wp:attachment":[{"href":"https:\/\/www.pkm.jaworzno.pl\/www\/wp-json\/wp\/v2\/media?parent=8481"}],"wp:term":[{"taxonomy":"category","embeddable":true,"href":"https:\/\/www.pkm.jaworzno.pl\/www\/wp-json\/wp\/v2\/categories?post=8481"},{"taxonomy":"post_tag","embeddable":true,"href":"https:\/\/www.pkm.jaworzno.pl\/www\/wp-json\/wp\/v2\/tags?post=8481"}],"curies":[{"name":"wp","href":"https:\/\/api.w.org\/{rel}","templated":true}]}}