{"id":9642,"date":"2020-12-28T16:30:46","date_gmt":"2020-12-28T15:30:46","guid":{"rendered":"http:\/\/www.pkm.jaworzno.pl\/www\/?p=9642"},"modified":"2021-01-02T10:45:08","modified_gmt":"2021-01-02T09:45:08","slug":"prace-przy-wodociagu-na-ul-starowiejskiej-2","status":"publish","type":"post","link":"https:\/\/www.pkm.jaworzno.pl\/www\/2020\/12\/prace-przy-wodociagu-na-ul-starowiejskiej-2\/","title":{"rendered":"Prace przy wodoci\u0105gu na ul. Starowiejskiej"},"content":{"rendered":"<p><span style=\"color: #000000;\">Informujemy, \u017ce w zwi\u0105zku z niezb\u0119dnymi pracami przy budowie wodoci\u0105gu w dniu <strong>29 grudnia (wtorek)<\/strong> od godz.<strong> 7:00<\/strong> do godz. <strong>17:00<\/strong> wy\u0142\u0105czone z obs\u0142ugi zostan\u0105 przystanki: <span style=\"text-decoration: underline; color: #ff0000;\"><strong>D\u0104BROWA NARODOWA STAROWIEJSKA<\/strong><\/span> i <span style=\"text-decoration: underline; color: #ff0000;\"><strong>D\u0104BROWA NARODOWA KAPLICZKA<\/strong><\/span>. <\/span><\/p>\n<p><span style=\"color: #000000;\">Autobusy linii <strong>372<\/strong> skierowane zostan\u0105 na tras\u0119 objazdow\u0105, na kt\u00f3rej zast\u0119pczo obs\u0142u\u017c\u0105 przystanek <span style=\"background-color: #ffff00;\"><u>D\u0104BROWA NARODOWA D\u0141UGOSZY\u0143SKA<\/u><\/span>.<\/span><\/p>\n<p><a href=\"http:\/\/www.pkm.jaworzno.pl\/www\/wp-content\/uploads\/2020\/11\/20201124_zamkniecie-starowiejskiej.svg\"><img loading=\"lazy\" decoding=\"async\" class=\"aligncenter size-medium wp-image-9568\" src=\"http:\/\/www.pkm.jaworzno.pl\/www\/wp-content\/uploads\/2020\/11\/20201124_zamkniecie-starowiejskiej.svg\" alt=\"\" width=\"1\" height=\"1\" \/><\/a><a href=\"http:\/\/www.pkm.jaworzno.pl\/www\/wp-content\/uploads\/2020\/12\/20201229_zamkniecie-starowiejskiej.png\" rel=\"lightbox[9642]\"><img loading=\"lazy\" decoding=\"async\" class=\"aligncenter size-medium wp-image-9644\" src=\"http:\/\/www.pkm.jaworzno.pl\/www\/wp-content\/uploads\/2020\/12\/20201229_zamkniecie-starowiejskiej-300x212.png\" alt=\"\" width=\"300\" height=\"212\" srcset=\"https:\/\/www.pkm.jaworzno.pl\/www\/wp-content\/uploads\/2020\/12\/20201229_zamkniecie-starowiejskiej-300x212.png 300w, https:\/\/www.pkm.jaworzno.pl\/www\/wp-content\/uploads\/2020\/12\/20201229_zamkniecie-starowiejskiej-1024x724.png 1024w, https:\/\/www.pkm.jaworzno.pl\/www\/wp-content\/uploads\/2020\/12\/20201229_zamkniecie-starowiejskiej-768x543.png 768w, https:\/\/www.pkm.jaworzno.pl\/www\/wp-content\/uploads\/2020\/12\/20201229_zamkniecie-starowiejskiej-600x424.png 600w, https:\/\/www.pkm.jaworzno.pl\/www\/wp-content\/uploads\/2020\/12\/20201229_zamkniecie-starowiejskiej-1536x1086.png 1536w, https:\/\/www.pkm.jaworzno.pl\/www\/wp-content\/uploads\/2020\/12\/20201229_zamkniecie-starowiejskiej.png 1754w\" sizes=\"auto, (max-width: 300px) 100vw, 300px\" \/><\/a><\/p>\n","protected":false},"excerpt":{"rendered":"<p>Informujemy, \u017ce w zwi\u0105zku z niezb\u0119dnymi pracami przy budowie wodoci\u0105gu w dniu 29 grudnia (wtorek) od godz. 7:00 do godz. 17:00 wy\u0142\u0105czone z obs\u0142ugi zostan\u0105 przystanki: D\u0104BROWA NARODOWA STAROWIEJSKA i D\u0104BROWA NARODOWA KAPLICZKA. Autobusy linii 372 skierowane zostan\u0105 na tras\u0119 objazdow\u0105, na kt\u00f3rej zast\u0119pczo obs\u0142u\u017c\u0105 przystanek D\u0104BROWA NARODOWA D\u0141UGOSZY\u0143SKA.<\/p>\n","protected":false},"author":6,"featured_media":0,"comment_status":"open","ping_status":"open","sticky":false,"template":"","format":"standard","meta":{"_acf_changed":false,"footnotes":""},"categories":[1,8],"tags":[],"class_list":["post-9642","post","type-post","status-publish","format-standard","hentry","category-aktualnosci","category-komunikaty"],"acf":[],"publishpress_future_action":{"enabled":false,"date":"2026-05-07 00:59:34","action":"change-status","newStatus":"draft","terms":[],"taxonomy":"category","extraData":[]},"publishpress_future_workflow_manual_trigger":{"enabledWorkflows":[]},"_links":{"self":[{"href":"https:\/\/www.pkm.jaworzno.pl\/www\/wp-json\/wp\/v2\/posts\/9642","targetHints":{"allow":["GET"]}}],"collection":[{"href":"https:\/\/www.pkm.jaworzno.pl\/www\/wp-json\/wp\/v2\/posts"}],"about":[{"href":"https:\/\/www.pkm.jaworzno.pl\/www\/wp-json\/wp\/v2\/types\/post"}],"author":[{"embeddable":true,"href":"https:\/\/www.pkm.jaworzno.pl\/www\/wp-json\/wp\/v2\/users\/6"}],"replies":[{"embeddable":true,"href":"https:\/\/www.pkm.jaworzno.pl\/www\/wp-json\/wp\/v2\/comments?post=9642"}],"version-history":[{"count":2,"href":"https:\/\/www.pkm.jaworzno.pl\/www\/wp-json\/wp\/v2\/posts\/9642\/revisions"}],"predecessor-version":[{"id":9647,"href":"https:\/\/www.pkm.jaworzno.pl\/www\/wp-json\/wp\/v2\/posts\/9642\/revisions\/9647"}],"wp:attachment":[{"href":"https:\/\/www.pkm.jaworzno.pl\/www\/wp-json\/wp\/v2\/media?parent=9642"}],"wp:term":[{"taxonomy":"category","embeddable":true,"href":"https:\/\/www.pkm.jaworzno.pl\/www\/wp-json\/wp\/v2\/categories?post=9642"},{"taxonomy":"post_tag","embeddable":true,"href":"https:\/\/www.pkm.jaworzno.pl\/www\/wp-json\/wp\/v2\/tags?post=9642"}],"curies":[{"name":"wp","href":"https:\/\/api.w.org\/{rel}","templated":true}]}}